{"id":21624,"date":"2024-03-27T09:42:04","date_gmt":"2024-03-27T08:42:04","guid":{"rendered":"https:\/\/www.salzer.at\/?p=21624"},"modified":"2024-03-27T09:42:20","modified_gmt":"2024-03-27T08:42:20","slug":"fruehling-2024-buchneuerscheinungen-auf-salzer-papier","status":"publish","type":"post","link":"https:\/\/www.salzer.at\/fr\/gruppe\/news\/fruehling-2024-buchneuerscheinungen-auf-salzer-papier\/","title":{"rendered":"Fr\u00fchling 2024 | Buchneuerscheinungen auf SALZER Papier"},"content":{"rendered":"","protected":false},"excerpt":{"rendered":"<p>Der Fr\u00fchling steht im Zeichen der Kunst und Kulinarik. Ein Biografie \u00fcber einen zeitgen\u00f6ssischen K\u00fcnstler und eine Geschichte einer Weltreise, erz\u00e4hlt in 70 Rezepten. Beide gedruckt auf SALZER TOUCH white.<\/p>\n","protected":false},"author":3,"featured_media":21628,"comment_status":"closed","ping_status":"closed","sticky":false,"template":"","format":"standard","meta":{"_acf_changed":false,"footnotes":""},"categories":[2],"tags":[],"class_list":["post-21624","post","type-post","status-publish","format-standard","has-post-thumbnail","hentry","category-salzer-papier"],"acf":[],"_links":{"self":[{"href":"https:\/\/www.salzer.at\/fr\/wp-json\/wp\/v2\/posts\/21624","targetHints":{"allow":["GET"]}}],"collection":[{"href":"https:\/\/www.salzer.at\/fr\/wp-json\/wp\/v2\/posts"}],"about":[{"href":"https:\/\/www.salzer.at\/fr\/wp-json\/wp\/v2\/types\/post"}],"author":[{"embeddable":true,"href":"https:\/\/www.salzer.at\/fr\/wp-json\/wp\/v2\/users\/3"}],"replies":[{"embeddable":true,"href":"https:\/\/www.salzer.at\/fr\/wp-json\/wp\/v2\/comments?post=21624"}],"version-history":[{"count":7,"href":"https:\/\/www.salzer.at\/fr\/wp-json\/wp\/v2\/posts\/21624\/revisions"}],"predecessor-version":[{"id":21643,"href":"https:\/\/www.salzer.at\/fr\/wp-json\/wp\/v2\/posts\/21624\/revisions\/21643"}],"wp:featuredmedia":[{"embeddable":true,"href":"https:\/\/www.salzer.at\/fr\/wp-json\/wp\/v2\/media\/21628"}],"wp:attachment":[{"href":"https:\/\/www.salzer.at\/fr\/wp-json\/wp\/v2\/media?parent=21624"}],"wp:term":[{"taxonomy":"category","embeddable":true,"href":"https:\/\/www.salzer.at\/fr\/wp-json\/wp\/v2\/categories?post=21624"},{"taxonomy":"post_tag","embeddable":true,"href":"https:\/\/www.salzer.at\/fr\/wp-json\/wp\/v2\/tags?post=21624"}],"curies":[{"name":"wp","href":"https:\/\/api.w.org\/{rel}","templated":true}]}}