{"id":20477,"date":"2023-08-09T16:01:03","date_gmt":"2023-08-09T14:01:03","guid":{"rendered":"https:\/\/www.salzer.at\/?p=20477"},"modified":"2024-03-14T09:53:39","modified_gmt":"2024-03-14T08:53:39","slug":"ein-weiteres-formtech-urgestein-verabschiedet-sich-in-den-ruhestand","status":"publish","type":"post","link":"https:\/\/www.salzer.at\/fr\/gruppe\/news\/ein-weiteres-formtech-urgestein-verabschiedet-sich-in-den-ruhestand\/","title":{"rendered":"Ein weiteres Formtech-Urgestein verabschiedet sich in den Ruhestand"},"content":{"rendered":"","protected":false},"excerpt":{"rendered":"<p>Im Jahr 1983 startete Leopold Hieger bei uns am Standort der SALZER Formtech in St. P\u00f6lten als Schichtleiter.<br \/>\nEr unterst\u00fctzte seitdem genau 40 Jahre die Einf\u00fchrung s\u00e4mtlicher Neuentwicklungen und war ma\u00dfgeblich am Technologieaufschwung innerhalb des Unternehmens involviert.<\/p>\n","protected":false},"author":22,"featured_media":20486,"comment_status":"closed","ping_status":"closed","sticky":false,"template":"","format":"standard","meta":{"_acf_changed":false,"footnotes":""},"categories":[13],"tags":[],"class_list":["post-20477","post","type-post","status-publish","format-standard","has-post-thumbnail","hentry","category-salzer-formtech"],"acf":[],"_links":{"self":[{"href":"https:\/\/www.salzer.at\/fr\/wp-json\/wp\/v2\/posts\/20477","targetHints":{"allow":["GET"]}}],"collection":[{"href":"https:\/\/www.salzer.at\/fr\/wp-json\/wp\/v2\/posts"}],"about":[{"href":"https:\/\/www.salzer.at\/fr\/wp-json\/wp\/v2\/types\/post"}],"author":[{"embeddable":true,"href":"https:\/\/www.salzer.at\/fr\/wp-json\/wp\/v2\/users\/22"}],"replies":[{"embeddable":true,"href":"https:\/\/www.salzer.at\/fr\/wp-json\/wp\/v2\/comments?post=20477"}],"version-history":[{"count":2,"href":"https:\/\/www.salzer.at\/fr\/wp-json\/wp\/v2\/posts\/20477\/revisions"}],"predecessor-version":[{"id":20625,"href":"https:\/\/www.salzer.at\/fr\/wp-json\/wp\/v2\/posts\/20477\/revisions\/20625"}],"wp:featuredmedia":[{"embeddable":true,"href":"https:\/\/www.salzer.at\/fr\/wp-json\/wp\/v2\/media\/20486"}],"wp:attachment":[{"href":"https:\/\/www.salzer.at\/fr\/wp-json\/wp\/v2\/media?parent=20477"}],"wp:term":[{"taxonomy":"category","embeddable":true,"href":"https:\/\/www.salzer.at\/fr\/wp-json\/wp\/v2\/categories?post=20477"},{"taxonomy":"post_tag","embeddable":true,"href":"https:\/\/www.salzer.at\/fr\/wp-json\/wp\/v2\/tags?post=20477"}],"curies":[{"name":"wp","href":"https:\/\/api.w.org\/{rel}","templated":true}]}}