{"id":20338,"date":"2023-06-12T13:35:40","date_gmt":"2023-06-12T11:35:40","guid":{"rendered":"https:\/\/www.salzer.at\/?p=20338"},"modified":"2025-08-04T09:42:17","modified_gmt":"2025-08-04T07:42:17","slug":"heidi-horten-collection-sommeraustellung","status":"publish","type":"post","link":"https:\/\/www.salzer.at\/fr\/gruppe\/news\/heidi-horten-collection-sommeraustellung\/","title":{"rendered":"Heidi Horten Collection &#8211; Sommeraustellung"},"content":{"rendered":"","protected":false},"excerpt":{"rendered":"<p>Die diesj\u00e4hrige Sommerausstellung der Heidi Horten Collection l\u00e4dt zum Rendez-vous mit jenen K\u00fcnstler*innen der Sammlung ein,<br \/>\nin deren Biografien Frankreich eine zentrale Rolle gespielt hat.<br \/>\nSie begleitet die K\u00fcnstler*innen &#8230;<\/p>\n","protected":false},"author":3,"featured_media":20340,"comment_status":"closed","ping_status":"closed","sticky":false,"template":"","format":"standard","meta":{"_acf_changed":false,"footnotes":""},"categories":[2],"tags":[],"class_list":["post-20338","post","type-post","status-publish","format-standard","has-post-thumbnail","hentry","category-salzer-papier"],"acf":[],"_links":{"self":[{"href":"https:\/\/www.salzer.at\/fr\/wp-json\/wp\/v2\/posts\/20338","targetHints":{"allow":["GET"]}}],"collection":[{"href":"https:\/\/www.salzer.at\/fr\/wp-json\/wp\/v2\/posts"}],"about":[{"href":"https:\/\/www.salzer.at\/fr\/wp-json\/wp\/v2\/types\/post"}],"author":[{"embeddable":true,"href":"https:\/\/www.salzer.at\/fr\/wp-json\/wp\/v2\/users\/3"}],"replies":[{"embeddable":true,"href":"https:\/\/www.salzer.at\/fr\/wp-json\/wp\/v2\/comments?post=20338"}],"version-history":[{"count":13,"href":"https:\/\/www.salzer.at\/fr\/wp-json\/wp\/v2\/posts\/20338\/revisions"}],"predecessor-version":[{"id":20360,"href":"https:\/\/www.salzer.at\/fr\/wp-json\/wp\/v2\/posts\/20338\/revisions\/20360"}],"wp:featuredmedia":[{"embeddable":true,"href":"https:\/\/www.salzer.at\/fr\/wp-json\/wp\/v2\/media\/20340"}],"wp:attachment":[{"href":"https:\/\/www.salzer.at\/fr\/wp-json\/wp\/v2\/media?parent=20338"}],"wp:term":[{"taxonomy":"category","embeddable":true,"href":"https:\/\/www.salzer.at\/fr\/wp-json\/wp\/v2\/categories?post=20338"},{"taxonomy":"post_tag","embeddable":true,"href":"https:\/\/www.salzer.at\/fr\/wp-json\/wp\/v2\/tags?post=20338"}],"curies":[{"name":"wp","href":"https:\/\/api.w.org\/{rel}","templated":true}]}}