{"id":19619,"date":"2022-08-01T07:32:01","date_gmt":"2022-08-01T05:32:01","guid":{"rendered":"https:\/\/www.salzer.at\/?p=19619"},"modified":"2022-09-23T10:20:29","modified_gmt":"2022-09-23T08:20:29","slug":"geschaeftsfuehrerwechsel-bei-salzer-formtech","status":"publish","type":"post","link":"https:\/\/www.salzer.at\/fr\/gruppe\/news\/geschaeftsfuehrerwechsel-bei-salzer-formtech\/","title":{"rendered":"Gesch\u00e4ftsf\u00fchrerwechsel bei Salzer Formtech"},"content":{"rendered":"","protected":false},"excerpt":{"rendered":"<p>Nach 13 Jahren wechselt Gesch\u00e4ftsf\u00fchrer Wolfgang Spanny in die Selbst\u00e4ndigkeit. Damit geht sein gro\u00dfer Traum in Erf\u00fcllung. Ihm folgt Uwe Karner, der mit 1. August 2022 die F\u00fchrung der Salzer Formtech \u00fcbernimmt.<\/p>\n","protected":false},"author":1,"featured_media":19620,"comment_status":"closed","ping_status":"closed","sticky":false,"template":"","format":"standard","meta":{"_acf_changed":false,"footnotes":""},"categories":[13],"tags":[],"class_list":["post-19619","post","type-post","status-publish","format-standard","has-post-thumbnail","hentry","category-salzer-formtech"],"acf":[],"_links":{"self":[{"href":"https:\/\/www.salzer.at\/fr\/wp-json\/wp\/v2\/posts\/19619","targetHints":{"allow":["GET"]}}],"collection":[{"href":"https:\/\/www.salzer.at\/fr\/wp-json\/wp\/v2\/posts"}],"about":[{"href":"https:\/\/www.salzer.at\/fr\/wp-json\/wp\/v2\/types\/post"}],"author":[{"embeddable":true,"href":"https:\/\/www.salzer.at\/fr\/wp-json\/wp\/v2\/users\/1"}],"replies":[{"embeddable":true,"href":"https:\/\/www.salzer.at\/fr\/wp-json\/wp\/v2\/comments?post=19619"}],"version-history":[{"count":4,"href":"https:\/\/www.salzer.at\/fr\/wp-json\/wp\/v2\/posts\/19619\/revisions"}],"predecessor-version":[{"id":19637,"href":"https:\/\/www.salzer.at\/fr\/wp-json\/wp\/v2\/posts\/19619\/revisions\/19637"}],"wp:featuredmedia":[{"embeddable":true,"href":"https:\/\/www.salzer.at\/fr\/wp-json\/wp\/v2\/media\/19620"}],"wp:attachment":[{"href":"https:\/\/www.salzer.at\/fr\/wp-json\/wp\/v2\/media?parent=19619"}],"wp:term":[{"taxonomy":"category","embeddable":true,"href":"https:\/\/www.salzer.at\/fr\/wp-json\/wp\/v2\/categories?post=19619"},{"taxonomy":"post_tag","embeddable":true,"href":"https:\/\/www.salzer.at\/fr\/wp-json\/wp\/v2\/tags?post=19619"}],"curies":[{"name":"wp","href":"https:\/\/api.w.org\/{rel}","templated":true}]}}