{"id":19674,"date":"2022-07-05T15:28:55","date_gmt":"2022-07-05T13:28:55","guid":{"rendered":"https:\/\/www.salzer.at\/gruppe\/news\/wir-haben-zusammen-geholfen\/"},"modified":"2022-08-09T08:49:08","modified_gmt":"2022-08-09T06:49:08","slug":"wir-haben-zusammen-geholfen","status":"publish","type":"post","link":"https:\/\/www.salzer.at\/en\/gruppe\/news\/wir-haben-zusammen-geholfen\/","title":{"rendered":"Together we helped!"},"content":{"rendered":"","protected":false},"excerpt":{"rendered":"<p>Together with Caritas St. P\u00f6lten &#038; N\u00d6-West, IKEA and the Rotary Club St. P\u00f6lten we prepared a house in St. P\u00f6lten for refugees from Ukraine. <\/p>\n","protected":false},"author":3,"featured_media":19440,"comment_status":"closed","ping_status":"closed","sticky":false,"template":"","format":"standard","meta":{"_acf_changed":false,"footnotes":""},"categories":[22],"tags":[],"class_list":["post-19674","post","type-post","status-publish","format-standard","has-post-thumbnail","hentry","category-salzer-gruppe-en"],"acf":[],"_links":{"self":[{"href":"https:\/\/www.salzer.at\/en\/wp-json\/wp\/v2\/posts\/19674","targetHints":{"allow":["GET"]}}],"collection":[{"href":"https:\/\/www.salzer.at\/en\/wp-json\/wp\/v2\/posts"}],"about":[{"href":"https:\/\/www.salzer.at\/en\/wp-json\/wp\/v2\/types\/post"}],"author":[{"embeddable":true,"href":"https:\/\/www.salzer.at\/en\/wp-json\/wp\/v2\/users\/3"}],"replies":[{"embeddable":true,"href":"https:\/\/www.salzer.at\/en\/wp-json\/wp\/v2\/comments?post=19674"}],"version-history":[{"count":3,"href":"https:\/\/www.salzer.at\/en\/wp-json\/wp\/v2\/posts\/19674\/revisions"}],"predecessor-version":[{"id":19688,"href":"https:\/\/www.salzer.at\/en\/wp-json\/wp\/v2\/posts\/19674\/revisions\/19688"}],"wp:featuredmedia":[{"embeddable":true,"href":"https:\/\/www.salzer.at\/en\/wp-json\/wp\/v2\/media\/19440"}],"wp:attachment":[{"href":"https:\/\/www.salzer.at\/en\/wp-json\/wp\/v2\/media?parent=19674"}],"wp:term":[{"taxonomy":"category","embeddable":true,"href":"https:\/\/www.salzer.at\/en\/wp-json\/wp\/v2\/categories?post=19674"},{"taxonomy":"post_tag","embeddable":true,"href":"https:\/\/www.salzer.at\/en\/wp-json\/wp\/v2\/tags?post=19674"}],"curies":[{"name":"wp","href":"https:\/\/api.w.org\/{rel}","templated":true}]}}